{"id":31115,"date":"2023-10-11T11:54:58","date_gmt":"2023-10-11T10:54:58","guid":{"rendered":"https:\/\/institutpsicologia.cat\/sin-categorizar\/informe-trastorn-negativista-desafiant-des-de-ledat-preescolar-a-ladolescencia-factors-de-risc-i-vulnerabilitat-informe-difusio-projectes-id"},"modified":"2024-01-08T19:32:24","modified_gmt":"2024-01-08T18:32:24","slug":"informe-trastorn-negativista-desafiant-des-de-ledat-preescolar-a-ladolescencia-factors-de-risc-i-vulnerabilitat-informe-difusio-projectes-id","status":"publish","type":"post","link":"https:\/\/www.institutpsicologia.cat\/es\/recursos-es\/informe-trastorn-negativista-desafiant-des-de-ledat-preescolar-a-ladolescencia-factors-de-risc-i-vulnerabilitat-informe-difusio-projectes-id","title":{"rendered":"Informe &#8211; Trastorno negativista desafiante desde la edad preescolar a la adolescencia: Factores de riesgo y vulnerabilidad. Informe difusi\u00f3n Proyectos I+D"},"content":{"rendered":"\n<p>Este informe contiene una s\u00edntesis de las tareas realizadas en la Unidad de Epidemiolog\u00eda y de Diagn\u00f3stico en Psicopatolog\u00eda del Desarrollo de la Universitat Aut\u00f3noma de Barcelona durante los a\u00f1os 2010 a 2021 en los cuatro proyectos I+D financiados para llevar a cabo este estudio longitudinal.<\/p>\n\n\n\n<p>En primer lugar, se describen las caracter\u00edsticas del desafiante negativismo, objeto de estudio del proyecto. A continuaci\u00f3n se presentan los objetivos y la metodolog\u00eda del estudio. Los resultados descriptivos de psicopatolog\u00eda, funcionamiento, factores de vulnerabilidad y factores de riesgo se muestran en los grupos con y sin negativismo desafiante. Seguidamente, se muestra la evoluci\u00f3n de los comportamientos negativistas informados por padres y profesores y se listan las principales conclusiones del estudio.<\/p>\n\n\n\n<p>El informe incluye dos anexos. El primero recoge las tablas num\u00e9ricas de los resultados presentados en las gr\u00e1ficas. El segundo, re\u00fane los descriptivos estad\u00edsticos de los instrumentos de evaluaci\u00f3n utilizados estratificados por sexo, nivel socioecon\u00f3mico y tipos de escuela. El informe de difusi\u00f3n se ve acompa\u00f1ado de dos publicaciones independientes que ofrecen pautas para el manejo de los comportamientos desafiantes tanto por padres como por profesores: Alumnado desafiante y negativista: Gu\u00eda para docentes e Hijos desafiantes y negativistas: Gu\u00eda para familias.<\/p>\n\n\n\n<div id=\"wp-block-themeisle-blocks-button-group-26249a79\" class=\"wp-block-themeisle-blocks-button-group wp-block-buttons\">\n<div id=\"wp-block-themeisle-blocks-button-4ba1f094\" class=\"wp-block-themeisle-blocks-button wp-block-button\"><a href=\"\/wp-content\/uploads\/2023\/10\/Informe_Difusio_projectes_FVP.pdf\" target=\"_blank\" rel=\"noopener noreferrer\" class=\"wp-block-button__link\"><span>Ver Informe (catal\u00e1n)<\/span><\/a><\/div>\n<\/div>\n","protected":false},"excerpt":{"rendered":"<p>Este informe contiene una s\u00edntesis de las tareas realizadas en la Unidad de Epidemiolog\u00eda y de Diagn\u00f3stico en Psicopatolog\u00eda del Desarrollo de la Universitat Aut\u00f3noma de &#8230; <a title=\"Informe &#8211; Trastorno negativista desafiante desde la edad preescolar a la adolescencia: Factores de riesgo y vulnerabilidad. Informe difusi\u00f3n Proyectos I+D\" class=\"read-more\" href=\"https:\/\/www.institutpsicologia.cat\/es\/recursos-es\/informe-trastorn-negativista-desafiant-des-de-ledat-preescolar-a-ladolescencia-factors-de-risc-i-vulnerabilitat-informe-difusio-projectes-id\" aria-label=\"Leer m\u00e1s sobre Informe &#8211; Trastorno negativista desafiante desde la edad preescolar a la adolescencia: Factores de riesgo y vulnerabilidad. Informe difusi\u00f3n Proyectos I+D\">Leer m\u00e1s<\/a><\/p>\n","protected":false},"author":1,"featured_media":30302,"comment_status":"closed","ping_status":"closed","sticky":false,"template":"","format":"standard","meta":{"_acf_changed":false,"wp_popup_display_lightbox":0,"wp_popup_suppress":"","wp_popup_trigger":"","wp_popup_trigger_amount":0,"wp_popup_disable_on_mobile":false,"_themeisle_gutenberg_block_has_review":false,"footnotes":""},"categories":[171],"tags":[181],"class_list":["post-31115","post","type-post","status-publish","format-standard","has-post-thumbnail","hentry","category-recursos-es","tag-publicaciones","generate-columns","tablet-grid-50","mobile-grid-100","grid-parent","grid-33","resize-featured-image"],"acf":[],"_links":{"self":[{"href":"https:\/\/www.institutpsicologia.cat\/es\/wp-json\/wp\/v2\/posts\/31115","targetHints":{"allow":["GET"]}}],"collection":[{"href":"https:\/\/www.institutpsicologia.cat\/es\/wp-json\/wp\/v2\/posts"}],"about":[{"href":"https:\/\/www.institutpsicologia.cat\/es\/wp-json\/wp\/v2\/types\/post"}],"author":[{"embeddable":true,"href":"https:\/\/www.institutpsicologia.cat\/es\/wp-json\/wp\/v2\/users\/1"}],"replies":[{"embeddable":true,"href":"https:\/\/www.institutpsicologia.cat\/es\/wp-json\/wp\/v2\/comments?post=31115"}],"version-history":[{"count":1,"href":"https:\/\/www.institutpsicologia.cat\/es\/wp-json\/wp\/v2\/posts\/31115\/revisions"}],"predecessor-version":[{"id":31117,"href":"https:\/\/www.institutpsicologia.cat\/es\/wp-json\/wp\/v2\/posts\/31115\/revisions\/31117"}],"wp:featuredmedia":[{"embeddable":true,"href":"https:\/\/www.institutpsicologia.cat\/es\/wp-json\/wp\/v2\/media\/30302"}],"wp:attachment":[{"href":"https:\/\/www.institutpsicologia.cat\/es\/wp-json\/wp\/v2\/media?parent=31115"}],"wp:term":[{"taxonomy":"category","embeddable":true,"href":"https:\/\/www.institutpsicologia.cat\/es\/wp-json\/wp\/v2\/categories?post=31115"},{"taxonomy":"post_tag","embeddable":true,"href":"https:\/\/www.institutpsicologia.cat\/es\/wp-json\/wp\/v2\/tags?post=31115"}],"curies":[{"name":"wp","href":"https:\/\/api.w.org\/{rel}","templated":true}]}}